{"id":973,"date":"2011-02-05T02:35:37","date_gmt":"2011-02-05T00:35:37","guid":{"rendered":"http:\/\/xcteam.ch\/blog\/?p=973"},"modified":"2011-02-05T02:38:59","modified_gmt":"2011-02-05T00:38:59","slug":"xc-camp-in-manilla-9-tag-da-nutzt-jede-kriegsbemalung-nichts","status":"publish","type":"post","link":"https:\/\/xcteam.ch\/blog\/?p=973","title":{"rendered":"XC Camp in Manilla, 9. Tag: Da n\u00fctzt jede Kriegsbemalung nichts"},"content":{"rendered":"<p>01.02.2011<\/p>\n<p>Xavier hatte sich f\u00fcr den Flugtag am Startplatz die Kriegsbemalung  zugelegt. Lieber am Morgen gr\u00fcn auf der Nase als am Abend rot auf der  Nase. Es n\u00fctzte nichts, der Flugtag war nicht wirklich gut, ich wollte  wegen den happigen Bedingungen am Startplatz gar<br \/>\nnicht erst fliegen.<br \/>\nAuch Thomas landete auf dem Weg nach Manilla, und so konnten wir heute  endlich unseren auf Ebay gekauften, und nach langem Warten und  intervenieren endlich gelieferten Dachtr\u00e4ger montieren. F\u00fcr die vielen  Schrauben brauchten wir mit Hilfe von Wolfgang sicher zwei Stunden.  Jetzt ist also unser Auto schon fast reisetauglich (die Kanus fehlen  noch&#8230;).<\/p>\n<p>Bilder: Kriegsbemalung von Xavier mit gr\u00fcnem Sunblocker. Unser  Roofrack (Dachtr\u00e4ger) wird gleich an Ort und Stelle bei der Anlieferung  in Manilla ausgepackt und auf dem Auto montiert&#8230;<\/p>\n<p><a href=\"https:\/\/xcteam.ch\/blog\/wp-content\/uploads\/2011\/02\/01022011_IMG_6383.jpg\"><img decoding=\"async\" loading=\"lazy\" class=\"alignleft size-full wp-image-979\" title=\"01022011_IMG_6383\" src=\"https:\/\/xcteam.ch\/blog\/wp-content\/uploads\/2011\/02\/01022011_IMG_6383.jpg\" alt=\"Xaviers Sunblocker Face\" width=\"480\" height=\"270\" srcset=\"https:\/\/xcteam.ch\/blog\/wp-content\/uploads\/2011\/02\/01022011_IMG_6383.jpg 480w, https:\/\/xcteam.ch\/blog\/wp-content\/uploads\/2011\/02\/01022011_IMG_6383-300x168.jpg 300w\" sizes=\"(max-width: 480px) 100vw, 480px\" \/><\/a><\/p>\n<p><a href=\"https:\/\/xcteam.ch\/blog\/wp-content\/uploads\/2011\/02\/01022011_2_IMG_6391.jpg\"><img decoding=\"async\" loading=\"lazy\" class=\"alignleft size-full wp-image-980\" title=\"01022011_2_IMG_6391\" src=\"https:\/\/xcteam.ch\/blog\/wp-content\/uploads\/2011\/02\/01022011_2_IMG_6391.jpg\" alt=\"Roofrack Mounting\" width=\"480\" height=\"270\" srcset=\"https:\/\/xcteam.ch\/blog\/wp-content\/uploads\/2011\/02\/01022011_2_IMG_6391.jpg 480w, https:\/\/xcteam.ch\/blog\/wp-content\/uploads\/2011\/02\/01022011_2_IMG_6391-300x168.jpg 300w\" sizes=\"(max-width: 480px) 100vw, 480px\" \/><\/a><\/p>\n","protected":false},"excerpt":{"rendered":"<p>01.02.2011 Xavier hatte sich f\u00fcr den Flugtag am Startplatz die Kriegsbemalung zugelegt. Lieber am Morgen gr\u00fcn auf der Nase als am Abend rot auf der Nase. Es n\u00fctzte nichts, der Flugtag war nicht wirklich gut, ich wollte wegen den happigen &hellip; <a href=\"https:\/\/xcteam.ch\/blog\/?p=973\">Continue reading <span class=\"meta-nav\">&rarr;<\/span><\/a><\/p>\n","protected":false},"author":2,"featured_media":0,"comment_status":"open","ping_status":"closed","sticky":false,"template":"","format":"standard","meta":{"footnotes":""},"categories":[10,5,6],"tags":[],"_links":{"self":[{"href":"https:\/\/xcteam.ch\/blog\/index.php?rest_route=\/wp\/v2\/posts\/973"}],"collection":[{"href":"https:\/\/xcteam.ch\/blog\/index.php?rest_route=\/wp\/v2\/posts"}],"about":[{"href":"https:\/\/xcteam.ch\/blog\/index.php?rest_route=\/wp\/v2\/types\/post"}],"author":[{"embeddable":true,"href":"https:\/\/xcteam.ch\/blog\/index.php?rest_route=\/wp\/v2\/users\/2"}],"replies":[{"embeddable":true,"href":"https:\/\/xcteam.ch\/blog\/index.php?rest_route=%2Fwp%2Fv2%2Fcomments&post=973"}],"version-history":[{"count":4,"href":"https:\/\/xcteam.ch\/blog\/index.php?rest_route=\/wp\/v2\/posts\/973\/revisions"}],"predecessor-version":[{"id":978,"href":"https:\/\/xcteam.ch\/blog\/index.php?rest_route=\/wp\/v2\/posts\/973\/revisions\/978"}],"wp:attachment":[{"href":"https:\/\/xcteam.ch\/blog\/index.php?rest_route=%2Fwp%2Fv2%2Fmedia&parent=973"}],"wp:term":[{"taxonomy":"category","embeddable":true,"href":"https:\/\/xcteam.ch\/blog\/index.php?rest_route=%2Fwp%2Fv2%2Fcategories&post=973"},{"taxonomy":"post_tag","embeddable":true,"href":"https:\/\/xcteam.ch\/blog\/index.php?rest_route=%2Fwp%2Fv2%2Ftags&post=973"}],"curies":[{"name":"wp","href":"https:\/\/api.w.org\/{rel}","templated":true}]}}