{"id":446,"date":"2010-11-03T22:58:58","date_gmt":"2010-11-03T20:58:58","guid":{"rendered":"http:\/\/xcteam.ch\/blog\/?p=446"},"modified":"2010-11-03T23:00:54","modified_gmt":"2010-11-03T21:00:54","slug":"flieger-frust","status":"publish","type":"post","link":"https:\/\/xcteam.ch\/blog\/?p=446","title":{"rendered":"Flieger-Frust&#8230;"},"content":{"rendered":"<p>03.11.2011<\/p>\n<p>&#8230;oder optimal vorbereitet Teil 2, passend zum heutigen Tag.<\/p>\n<p>Am Startplatz wurde das n\u00e4chste unn\u00f6tige Gleitschirm-Flieger-Utensil aus einem Packsack gezaubert:<br \/>\nDas Flieger-Frust-Kissen (von Burki). Ger\u00e4uschd\u00e4mpfend und extra saugf\u00e4hig (steht drauf). Manch einer wollte es wohl nach unserem heutigen Flugtag gerne einmal von Burki ausleihen. Alle Piloten mussten vor Madalena landen &#8211; ausser Thomas. Er flog frech \u00fcber 170 km, nachderm er mich nach 20 km abh\u00e4ngte. Erst hatte es Wolken auf knapp 1300m, dann blau und z\u00e4he Thermik.<\/p>\n<p>Bravo Thomas! F\u00fcr die Verh\u00e4ltnisse von heute eine Meisterleistung!<\/p>\n<p>Bild: Burki und sein Flieger-Frust-Kissen.<\/p>\n<p><a href=\"https:\/\/xcteam.ch\/blog\/wp-content\/uploads\/2010\/11\/03112010_IMG_3230.jpg\"><img decoding=\"async\" loading=\"lazy\" class=\"alignleft size-full wp-image-447\" title=\"03112010_IMG_3230\" src=\"https:\/\/xcteam.ch\/blog\/wp-content\/uploads\/2010\/11\/03112010_IMG_3230.jpg\" alt=\"Flieger Frust Kissen am Startplatz\" width=\"480\" height=\"270\" srcset=\"https:\/\/xcteam.ch\/blog\/wp-content\/uploads\/2010\/11\/03112010_IMG_3230.jpg 480w, https:\/\/xcteam.ch\/blog\/wp-content\/uploads\/2010\/11\/03112010_IMG_3230-300x168.jpg 300w\" sizes=\"(max-width: 480px) 100vw, 480px\" \/><\/a><\/p>\n","protected":false},"excerpt":{"rendered":"<p>03.11.2011 &#8230;oder optimal vorbereitet Teil 2, passend zum heutigen Tag. Am Startplatz wurde das n\u00e4chste unn\u00f6tige Gleitschirm-Flieger-Utensil aus einem Packsack gezaubert: Das Flieger-Frust-Kissen (von Burki). Ger\u00e4uschd\u00e4mpfend und extra saugf\u00e4hig (steht drauf). Manch einer wollte es wohl nach unserem heutigen Flugtag &hellip; <a href=\"https:\/\/xcteam.ch\/blog\/?p=446\">Continue reading <span class=\"meta-nav\">&rarr;<\/span><\/a><\/p>\n","protected":false},"author":2,"featured_media":0,"comment_status":"open","ping_status":"closed","sticky":false,"template":"","format":"standard","meta":{"footnotes":""},"categories":[8,5,6],"tags":[],"_links":{"self":[{"href":"https:\/\/xcteam.ch\/blog\/index.php?rest_route=\/wp\/v2\/posts\/446"}],"collection":[{"href":"https:\/\/xcteam.ch\/blog\/index.php?rest_route=\/wp\/v2\/posts"}],"about":[{"href":"https:\/\/xcteam.ch\/blog\/index.php?rest_route=\/wp\/v2\/types\/post"}],"author":[{"embeddable":true,"href":"https:\/\/xcteam.ch\/blog\/index.php?rest_route=\/wp\/v2\/users\/2"}],"replies":[{"embeddable":true,"href":"https:\/\/xcteam.ch\/blog\/index.php?rest_route=%2Fwp%2Fv2%2Fcomments&post=446"}],"version-history":[{"count":3,"href":"https:\/\/xcteam.ch\/blog\/index.php?rest_route=\/wp\/v2\/posts\/446\/revisions"}],"predecessor-version":[{"id":450,"href":"https:\/\/xcteam.ch\/blog\/index.php?rest_route=\/wp\/v2\/posts\/446\/revisions\/450"}],"wp:attachment":[{"href":"https:\/\/xcteam.ch\/blog\/index.php?rest_route=%2Fwp%2Fv2%2Fmedia&parent=446"}],"wp:term":[{"taxonomy":"category","embeddable":true,"href":"https:\/\/xcteam.ch\/blog\/index.php?rest_route=%2Fwp%2Fv2%2Fcategories&post=446"},{"taxonomy":"post_tag","embeddable":true,"href":"https:\/\/xcteam.ch\/blog\/index.php?rest_route=%2Fwp%2Fv2%2Ftags&post=446"}],"curies":[{"name":"wp","href":"https:\/\/api.w.org\/{rel}","templated":true}]}}