{"id":425,"date":"2010-10-31T23:36:50","date_gmt":"2010-10-31T21:36:50","guid":{"rendered":"http:\/\/xcteam.ch\/blog\/?p=425"},"modified":"2010-10-31T23:36:50","modified_gmt":"2010-10-31T21:36:50","slug":"first-flight-day-in-quixada","status":"publish","type":"post","link":"https:\/\/xcteam.ch\/blog\/?p=425","title":{"rendered":"First Flight Day in Quixada"},"content":{"rendered":"<p>31.10.2010<\/p>\n<p>Nach dem Briefing fuhren wir um 10:30 Uhr zur &#8220;Rampa&#8221;.<\/p>\n<p>Die ersten acht Piloten konnten noch starten, danach wurde der Wind noch st\u00e4rker (zu stark) und liess keinen sicheren Start mehr zu. Die Gl\u00fccklichen konnten heute weit fliegen, G\u00fcnther flog heute \u00fcber 200km. Thomas konnte den Startplatz nie \u00fcberh\u00f6hen und ich konnte gar nicht in die Luft.<\/p>\n<p>Bilder: Briefing am fr\u00fchen Morgen mit dem Profipiloten (in der Mitte). Thomas ist bereit f\u00fcr den Start.<\/p>\n<p><a href=\"https:\/\/xcteam.ch\/blog\/wp-content\/uploads\/2010\/10\/31102010_IMG_3197.jpg\"><img decoding=\"async\" loading=\"lazy\" class=\"alignleft size-full wp-image-426\" title=\"31102010_IMG_3197\" src=\"https:\/\/xcteam.ch\/blog\/wp-content\/uploads\/2010\/10\/31102010_IMG_3197.jpg\" alt=\"Briefing im Pedra dos Ventos mit Profipilot\" width=\"480\" height=\"270\" srcset=\"https:\/\/xcteam.ch\/blog\/wp-content\/uploads\/2010\/10\/31102010_IMG_3197.jpg 480w, https:\/\/xcteam.ch\/blog\/wp-content\/uploads\/2010\/10\/31102010_IMG_3197-300x168.jpg 300w\" sizes=\"(max-width: 480px) 100vw, 480px\" \/><\/a><\/p>\n<p><a href=\"https:\/\/xcteam.ch\/blog\/wp-content\/uploads\/2010\/10\/31102010_2_IMG_3200.jpg\"><img decoding=\"async\" loading=\"lazy\" class=\"alignleft size-full wp-image-427\" title=\"31102010_2_IMG_3200\" src=\"https:\/\/xcteam.ch\/blog\/wp-content\/uploads\/2010\/10\/31102010_2_IMG_3200.jpg\" alt=\"Thomas bereit zum Start.\" width=\"480\" height=\"270\" srcset=\"https:\/\/xcteam.ch\/blog\/wp-content\/uploads\/2010\/10\/31102010_2_IMG_3200.jpg 480w, https:\/\/xcteam.ch\/blog\/wp-content\/uploads\/2010\/10\/31102010_2_IMG_3200-300x168.jpg 300w\" sizes=\"(max-width: 480px) 100vw, 480px\" \/><\/a><\/p>\n","protected":false},"excerpt":{"rendered":"<p>31.10.2010 Nach dem Briefing fuhren wir um 10:30 Uhr zur &#8220;Rampa&#8221;. Die ersten acht Piloten konnten noch starten, danach wurde der Wind noch st\u00e4rker (zu stark) und liess keinen sicheren Start mehr zu. Die Gl\u00fccklichen konnten heute weit fliegen, G\u00fcnther &hellip; <a href=\"https:\/\/xcteam.ch\/blog\/?p=425\">Continue reading <span class=\"meta-nav\">&rarr;<\/span><\/a><\/p>\n","protected":false},"author":2,"featured_media":0,"comment_status":"open","ping_status":"closed","sticky":false,"template":"","format":"standard","meta":{"footnotes":""},"categories":[8,5,6],"tags":[],"_links":{"self":[{"href":"https:\/\/xcteam.ch\/blog\/index.php?rest_route=\/wp\/v2\/posts\/425"}],"collection":[{"href":"https:\/\/xcteam.ch\/blog\/index.php?rest_route=\/wp\/v2\/posts"}],"about":[{"href":"https:\/\/xcteam.ch\/blog\/index.php?rest_route=\/wp\/v2\/types\/post"}],"author":[{"embeddable":true,"href":"https:\/\/xcteam.ch\/blog\/index.php?rest_route=\/wp\/v2\/users\/2"}],"replies":[{"embeddable":true,"href":"https:\/\/xcteam.ch\/blog\/index.php?rest_route=%2Fwp%2Fv2%2Fcomments&post=425"}],"version-history":[{"count":2,"href":"https:\/\/xcteam.ch\/blog\/index.php?rest_route=\/wp\/v2\/posts\/425\/revisions"}],"predecessor-version":[{"id":431,"href":"https:\/\/xcteam.ch\/blog\/index.php?rest_route=\/wp\/v2\/posts\/425\/revisions\/431"}],"wp:attachment":[{"href":"https:\/\/xcteam.ch\/blog\/index.php?rest_route=%2Fwp%2Fv2%2Fmedia&parent=425"}],"wp:term":[{"taxonomy":"category","embeddable":true,"href":"https:\/\/xcteam.ch\/blog\/index.php?rest_route=%2Fwp%2Fv2%2Fcategories&post=425"},{"taxonomy":"post_tag","embeddable":true,"href":"https:\/\/xcteam.ch\/blog\/index.php?rest_route=%2Fwp%2Fv2%2Ftags&post=425"}],"curies":[{"name":"wp","href":"https:\/\/api.w.org\/{rel}","templated":true}]}}