{"id":411,"date":"2010-10-29T17:47:57","date_gmt":"2010-10-29T15:47:57","guid":{"rendered":"http:\/\/xcteam.ch\/blog\/?p=411"},"modified":"2010-10-29T17:49:37","modified_gmt":"2010-10-29T15:49:37","slug":"paracuru-ceara","status":"publish","type":"post","link":"https:\/\/xcteam.ch\/blog\/?p=411","title":{"rendered":"Paracuru, Ceara"},"content":{"rendered":"<p>28.10.2010<\/p>\n<p>Wir geniessen die kleine Stadt Paracuru im Bundesstaat Ceara.<br \/>\nParacuru liegt 85 km nordwestlich von Fortaleza am Strand und hat ca. 30&#8217;000 Einwohner. Eine Siedlung an dieser Stelle bestand schon vor der Entdeckung von Brasilien durch Pedro Alvarez Cabral (aus Portugal, Cabral lebte von ca. 1467 &#8211; 1520, so genau weiss man das nicht). Die Stadt an sich hat sich vor ca. 100 Jahren aus einer Fischer- und Bauernsiedlung entwickelt. Eine wichtige Einnahmequelle ist in den letzten Jahren bis heute auch der Tourismus geworden, Paracuru hat sehr sch\u00f6ne Str\u00e4nde und gute Wind- und Wellenverh\u00e4ltnisse f\u00fcr das Kiten und Surfen.<\/p>\n<p>Die Stadt ist sehr friedlich, die meisten Strassen sind mit Natur-Kopfsteinpflaster ausgestattet. High Heels sind nicht empfehlenswert \ud83d\ude09<\/p>\n<p><a href=\"https:\/\/xcteam.ch\/blog\/wp-content\/uploads\/2010\/10\/28102010_IMG_3125.jpg\"><img decoding=\"async\" loading=\"lazy\" class=\"alignleft size-full wp-image-412\" title=\"28102010_IMG_3125\" src=\"https:\/\/xcteam.ch\/blog\/wp-content\/uploads\/2010\/10\/28102010_IMG_3125.jpg\" alt=\"Am Hauptplatz in Pracuru, Ceara\" width=\"480\" height=\"270\" srcset=\"https:\/\/xcteam.ch\/blog\/wp-content\/uploads\/2010\/10\/28102010_IMG_3125.jpg 480w, https:\/\/xcteam.ch\/blog\/wp-content\/uploads\/2010\/10\/28102010_IMG_3125-300x168.jpg 300w\" sizes=\"(max-width: 480px) 100vw, 480px\" \/><\/a><\/p>\n<p><a href=\"https:\/\/xcteam.ch\/blog\/wp-content\/uploads\/2010\/10\/28102010_2_IMG_3128.jpg\"><img decoding=\"async\" loading=\"lazy\" class=\"alignleft size-full wp-image-413\" title=\"28102010_2_IMG_3128\" src=\"https:\/\/xcteam.ch\/blog\/wp-content\/uploads\/2010\/10\/28102010_2_IMG_3128.jpg\" alt=\"Kopfsteinpflaser in Paracuru, Ceara\" width=\"480\" height=\"270\" srcset=\"https:\/\/xcteam.ch\/blog\/wp-content\/uploads\/2010\/10\/28102010_2_IMG_3128.jpg 480w, https:\/\/xcteam.ch\/blog\/wp-content\/uploads\/2010\/10\/28102010_2_IMG_3128-300x168.jpg 300w\" sizes=\"(max-width: 480px) 100vw, 480px\" \/><\/a><\/p>\n","protected":false},"excerpt":{"rendered":"<p>28.10.2010 Wir geniessen die kleine Stadt Paracuru im Bundesstaat Ceara. Paracuru liegt 85 km nordwestlich von Fortaleza am Strand und hat ca. 30&#8217;000 Einwohner. Eine Siedlung an dieser Stelle bestand schon vor der Entdeckung von Brasilien durch Pedro Alvarez Cabral &hellip; <a href=\"https:\/\/xcteam.ch\/blog\/?p=411\">Continue reading <span class=\"meta-nav\">&rarr;<\/span><\/a><\/p>\n","protected":false},"author":2,"featured_media":0,"comment_status":"open","ping_status":"closed","sticky":false,"template":"","format":"standard","meta":{"footnotes":""},"categories":[8,5,6],"tags":[],"_links":{"self":[{"href":"https:\/\/xcteam.ch\/blog\/index.php?rest_route=\/wp\/v2\/posts\/411"}],"collection":[{"href":"https:\/\/xcteam.ch\/blog\/index.php?rest_route=\/wp\/v2\/posts"}],"about":[{"href":"https:\/\/xcteam.ch\/blog\/index.php?rest_route=\/wp\/v2\/types\/post"}],"author":[{"embeddable":true,"href":"https:\/\/xcteam.ch\/blog\/index.php?rest_route=\/wp\/v2\/users\/2"}],"replies":[{"embeddable":true,"href":"https:\/\/xcteam.ch\/blog\/index.php?rest_route=%2Fwp%2Fv2%2Fcomments&post=411"}],"version-history":[{"count":2,"href":"https:\/\/xcteam.ch\/blog\/index.php?rest_route=\/wp\/v2\/posts\/411\/revisions"}],"predecessor-version":[{"id":415,"href":"https:\/\/xcteam.ch\/blog\/index.php?rest_route=\/wp\/v2\/posts\/411\/revisions\/415"}],"wp:attachment":[{"href":"https:\/\/xcteam.ch\/blog\/index.php?rest_route=%2Fwp%2Fv2%2Fmedia&parent=411"}],"wp:term":[{"taxonomy":"category","embeddable":true,"href":"https:\/\/xcteam.ch\/blog\/index.php?rest_route=%2Fwp%2Fv2%2Fcategories&post=411"},{"taxonomy":"post_tag","embeddable":true,"href":"https:\/\/xcteam.ch\/blog\/index.php?rest_route=%2Fwp%2Fv2%2Ftags&post=411"}],"curies":[{"name":"wp","href":"https:\/\/api.w.org\/{rel}","templated":true}]}}