{"id":404,"date":"2010-10-29T17:24:36","date_gmt":"2010-10-29T15:24:36","guid":{"rendered":"http:\/\/xcteam.ch\/blog\/?p=404"},"modified":"2010-10-29T17:27:24","modified_gmt":"2010-10-29T15:27:24","slug":"bbq-bei-peter","status":"publish","type":"post","link":"https:\/\/xcteam.ch\/blog\/?p=404","title":{"rendered":"BBQ bei Peter"},"content":{"rendered":"<p>27.10.2010<\/p>\n<p>Nach einem weiteren Tag am Strand stand heute abend Grillen bei Peter auf dem Programm, wir wurden mit den anderen Schweizern eingeladen. Peter ist vor ca. 20 Jahren Brasilien ausgewandert und hat sich nun ein Haus im Naturschutzgebiet bei Paracuru gebaut (hinter den D\u00fcnen am Strand bei den Windr\u00e4dern). 2 Jahre versuchte er vergebens, eine Baugenehmigung zu erhalten. Dann wurde trotzdem gebaut und die Beh\u00f6rden schauten sich danach endlich das Grundst\u00fcck und das Haus an&#8230; Es folgte die Frage: &#8220;Und wo soll denn jetzt das Haus gebaut werden?&#8221; &#8211; Tja, das Haus stand nun schon und alles war ok!<\/p>\n<p>Bilder: Stelldichein der Schweizer bei Peters Haus. Die Windfarm von Paracuru gleich bei den D\u00fcnen neben Peters Haus.<\/p>\n<p><a href=\"https:\/\/xcteam.ch\/blog\/wp-content\/uploads\/2010\/10\/27102010_IMG_3149.jpg\"><img decoding=\"async\" loading=\"lazy\" class=\"alignleft size-full wp-image-405\" title=\"27102010_IMG_3149\" src=\"https:\/\/xcteam.ch\/blog\/wp-content\/uploads\/2010\/10\/27102010_IMG_3149.jpg\" alt=\"Grillabend bei Peter\" width=\"480\" height=\"270\" srcset=\"https:\/\/xcteam.ch\/blog\/wp-content\/uploads\/2010\/10\/27102010_IMG_3149.jpg 480w, https:\/\/xcteam.ch\/blog\/wp-content\/uploads\/2010\/10\/27102010_IMG_3149-300x168.jpg 300w\" sizes=\"(max-width: 480px) 100vw, 480px\" \/><\/a><\/p>\n<p><a href=\"https:\/\/xcteam.ch\/blog\/wp-content\/uploads\/2010\/10\/27102010_2_IMG_3152.jpg\"><img decoding=\"async\" loading=\"lazy\" class=\"alignleft size-full wp-image-406\" title=\"27102010_2_IMG_3152\" src=\"https:\/\/xcteam.ch\/blog\/wp-content\/uploads\/2010\/10\/27102010_2_IMG_3152.jpg\" alt=\"Windfarm bei Paracuru\" width=\"480\" height=\"270\" srcset=\"https:\/\/xcteam.ch\/blog\/wp-content\/uploads\/2010\/10\/27102010_2_IMG_3152.jpg 480w, https:\/\/xcteam.ch\/blog\/wp-content\/uploads\/2010\/10\/27102010_2_IMG_3152-300x168.jpg 300w\" sizes=\"(max-width: 480px) 100vw, 480px\" \/><\/a><\/p>\n","protected":false},"excerpt":{"rendered":"<p>27.10.2010 Nach einem weiteren Tag am Strand stand heute abend Grillen bei Peter auf dem Programm, wir wurden mit den anderen Schweizern eingeladen. Peter ist vor ca. 20 Jahren Brasilien ausgewandert und hat sich nun ein Haus im Naturschutzgebiet bei &hellip; <a href=\"https:\/\/xcteam.ch\/blog\/?p=404\">Continue reading <span class=\"meta-nav\">&rarr;<\/span><\/a><\/p>\n","protected":false},"author":2,"featured_media":0,"comment_status":"open","ping_status":"closed","sticky":false,"template":"","format":"standard","meta":{"footnotes":""},"categories":[8,5,6],"tags":[],"_links":{"self":[{"href":"https:\/\/xcteam.ch\/blog\/index.php?rest_route=\/wp\/v2\/posts\/404"}],"collection":[{"href":"https:\/\/xcteam.ch\/blog\/index.php?rest_route=\/wp\/v2\/posts"}],"about":[{"href":"https:\/\/xcteam.ch\/blog\/index.php?rest_route=\/wp\/v2\/types\/post"}],"author":[{"embeddable":true,"href":"https:\/\/xcteam.ch\/blog\/index.php?rest_route=\/wp\/v2\/users\/2"}],"replies":[{"embeddable":true,"href":"https:\/\/xcteam.ch\/blog\/index.php?rest_route=%2Fwp%2Fv2%2Fcomments&post=404"}],"version-history":[{"count":4,"href":"https:\/\/xcteam.ch\/blog\/index.php?rest_route=\/wp\/v2\/posts\/404\/revisions"}],"predecessor-version":[{"id":410,"href":"https:\/\/xcteam.ch\/blog\/index.php?rest_route=\/wp\/v2\/posts\/404\/revisions\/410"}],"wp:attachment":[{"href":"https:\/\/xcteam.ch\/blog\/index.php?rest_route=%2Fwp%2Fv2%2Fmedia&parent=404"}],"wp:term":[{"taxonomy":"category","embeddable":true,"href":"https:\/\/xcteam.ch\/blog\/index.php?rest_route=%2Fwp%2Fv2%2Fcategories&post=404"},{"taxonomy":"post_tag","embeddable":true,"href":"https:\/\/xcteam.ch\/blog\/index.php?rest_route=%2Fwp%2Fv2%2Ftags&post=404"}],"curies":[{"name":"wp","href":"https:\/\/api.w.org\/{rel}","templated":true}]}}