{"id":349,"date":"2010-10-18T21:16:48","date_gmt":"2010-10-18T19:16:48","guid":{"rendered":"http:\/\/xcteam.ch\/blog\/?p=349"},"modified":"2010-10-18T21:20:11","modified_gmt":"2010-10-18T19:20:11","slug":"zu-fuss-durch-andradas-quartierspaziergang","status":"publish","type":"post","link":"https:\/\/xcteam.ch\/blog\/?p=349","title":{"rendered":"Zu Fuss durch Andradas, Quartierspaziergang"},"content":{"rendered":"<p>18.10.2010<\/p>\n<p>Am Morgen war es so grau wie im November in der Schweiz. Von unserem Balkon (der improvisierten Unterkunft&#8230;) sahen wir kaum in die Stadt hinunter &#8211; und es regenete ziemlich lange.<\/p>\n<p>Als es am Nachmittag aufklarte, machten wir einen Spaziergang durch das Viertel in dem wir im Moment wohnen. Die H\u00e4user &#8220;kleben&#8221; richtig an den H\u00e4ngen und die Strassen sind mit 28% Steigung angeschrieben. Es hat grosse Villen mit zig \u00dcberwachungs-Kameras gleich neben kleinen Bruchbuden und halbfertigen H\u00e4usern. Die Strassen wurden einfach gerade den Berg hinauf gebaut, ohne grosse Planung. Es gibt auf den Strassen H\u00fchner und streunende Hunde und Katzen, ein wenig abseits auch mal ein eingegangenes Tier.<\/p>\n<p>Durval kaufte f\u00fcr unsere Unterkunft heute eine Second Hand Waschmachine (nicht wegen mir!), diese steht jetzt draussen bei der Garage. &#8211; Wenn er f\u00fcr eine Zeit von hier weggeht, muss das Unget\u00fcm jedes Mal ins Haus gez\u00fcgelt werden, weil hier alles geklaut wird was mehr oder weniger sichtbar herumsteht.<\/p>\n<p>Andradas hat 35&#8217;000 Einwohner und liegt 913 m\u00fcM. Die Durchschnittliche Temperatur ist zu dieser Zeit 17\/27 Grad Celsius. Die Stadt liegt fast an der Grenze zum Bundesstaat Sao Paulo und geh\u00f6rt zu Minas Gerais. Die Gegend hat nicht wahnsinning viel zu bieten, ausser den Bergen und einer H\u00f6hle. Viele Leute aus Sao Paulo verbringen hier ihre Wochenenden oder Ferien zum Fliegen, Wandern oder Mountain Biken&#8230;<\/p>\n<p>Bilder: Auf unserem Nachmittags Spaziergang (heute war es eher k\u00fchl (ca. 20 Grad), darum mit Faserpelzli).<\/p>\n<p><a href=\"https:\/\/xcteam.ch\/blog\/wp-content\/uploads\/2010\/10\/18102010_IMG_3050.jpg\"><img decoding=\"async\" loading=\"lazy\" class=\"alignleft size-full wp-image-350\" title=\"18102010_IMG_3050\" src=\"https:\/\/xcteam.ch\/blog\/wp-content\/uploads\/2010\/10\/18102010_IMG_3050.jpg\" alt=\"VW Kaefer in Andradas\" width=\"480\" height=\"270\" srcset=\"https:\/\/xcteam.ch\/blog\/wp-content\/uploads\/2010\/10\/18102010_IMG_3050.jpg 480w, https:\/\/xcteam.ch\/blog\/wp-content\/uploads\/2010\/10\/18102010_IMG_3050-300x168.jpg 300w\" sizes=\"(max-width: 480px) 100vw, 480px\" \/><\/a><\/p>\n<p><a href=\"https:\/\/xcteam.ch\/blog\/wp-content\/uploads\/2010\/10\/18102010_2_IMG_3043.jpg\"><img decoding=\"async\" loading=\"lazy\" class=\"alignleft size-full wp-image-351\" title=\"18102010_2_IMG_3043\" src=\"https:\/\/xcteam.ch\/blog\/wp-content\/uploads\/2010\/10\/18102010_2_IMG_3043.jpg\" alt=\"Aussichtspunkt ueber Andradas\" width=\"480\" height=\"270\" srcset=\"https:\/\/xcteam.ch\/blog\/wp-content\/uploads\/2010\/10\/18102010_2_IMG_3043.jpg 480w, https:\/\/xcteam.ch\/blog\/wp-content\/uploads\/2010\/10\/18102010_2_IMG_3043-300x168.jpg 300w\" sizes=\"(max-width: 480px) 100vw, 480px\" \/><\/a><\/p>\n","protected":false},"excerpt":{"rendered":"<p>18.10.2010 Am Morgen war es so grau wie im November in der Schweiz. Von unserem Balkon (der improvisierten Unterkunft&#8230;) sahen wir kaum in die Stadt hinunter &#8211; und es regenete ziemlich lange. Als es am Nachmittag aufklarte, machten wir einen &hellip; <a href=\"https:\/\/xcteam.ch\/blog\/?p=349\">Continue reading <span class=\"meta-nav\">&rarr;<\/span><\/a><\/p>\n","protected":false},"author":2,"featured_media":0,"comment_status":"open","ping_status":"closed","sticky":false,"template":"","format":"standard","meta":{"footnotes":""},"categories":[8,5,6],"tags":[],"_links":{"self":[{"href":"https:\/\/xcteam.ch\/blog\/index.php?rest_route=\/wp\/v2\/posts\/349"}],"collection":[{"href":"https:\/\/xcteam.ch\/blog\/index.php?rest_route=\/wp\/v2\/posts"}],"about":[{"href":"https:\/\/xcteam.ch\/blog\/index.php?rest_route=\/wp\/v2\/types\/post"}],"author":[{"embeddable":true,"href":"https:\/\/xcteam.ch\/blog\/index.php?rest_route=\/wp\/v2\/users\/2"}],"replies":[{"embeddable":true,"href":"https:\/\/xcteam.ch\/blog\/index.php?rest_route=%2Fwp%2Fv2%2Fcomments&post=349"}],"version-history":[{"count":5,"href":"https:\/\/xcteam.ch\/blog\/index.php?rest_route=\/wp\/v2\/posts\/349\/revisions"}],"predecessor-version":[{"id":356,"href":"https:\/\/xcteam.ch\/blog\/index.php?rest_route=\/wp\/v2\/posts\/349\/revisions\/356"}],"wp:attachment":[{"href":"https:\/\/xcteam.ch\/blog\/index.php?rest_route=%2Fwp%2Fv2%2Fmedia&parent=349"}],"wp:term":[{"taxonomy":"category","embeddable":true,"href":"https:\/\/xcteam.ch\/blog\/index.php?rest_route=%2Fwp%2Fv2%2Fcategories&post=349"},{"taxonomy":"post_tag","embeddable":true,"href":"https:\/\/xcteam.ch\/blog\/index.php?rest_route=%2Fwp%2Fv2%2Ftags&post=349"}],"curies":[{"name":"wp","href":"https:\/\/api.w.org\/{rel}","templated":true}]}}