{"id":291,"date":"2010-10-09T23:48:50","date_gmt":"2010-10-09T21:48:50","guid":{"rendered":"http:\/\/xcteam.ch\/blog\/?p=291"},"modified":"2010-10-09T23:52:00","modified_gmt":"2010-10-09T21:52:00","slug":"startplatz-horizonte-perdido-in-araxa","status":"publish","type":"post","link":"https:\/\/xcteam.ch\/blog\/?p=291","title":{"rendered":"Startplatz &#8220;Horizonte Perdido&#8221; in Araxa"},"content":{"rendered":"<p>09.10.2010<\/p>\n<p>Heute ging es etwas fr\u00fcher los. Aufstehen um 07:00 Uhr (&#8230;was f\u00fcr ein Stress ;-)). &#8211; Und heute war auch fast alles p\u00fcnktlich! Die Busse standen schon vor 09:00 Uhr bereit, nur Petrus fand es noch nicht notwendig, den Wind rechtzeitig zu drehen.<\/p>\n<p>Das hiess f\u00fcr heute wieder einen Tag am Startplatz rumh\u00e4ngen und hoffen, dass die Thermik den doch einigermassen schwachen R\u00fcckenwind zu einem Startwind werden l\u00e4sst. Leider war dem nicht so, um 14:00 Uhr wurde der Task abgesagt.<\/p>\n<p>Bilder: Thomas versucht angestrengt die Thermik zu finden. Trotz schlechtem Wind hatten wir die gute Laune nicht verloren und es gab auch allerlei am Startplatz zu sehen.<\/p>\n<p><a href=\"https:\/\/xcteam.ch\/blog\/wp-content\/uploads\/2010\/10\/09102010_IMG_2794.jpg\"><img decoding=\"async\" loading=\"lazy\" class=\"alignleft size-full wp-image-292\" title=\"09102010_IMG_2794\" src=\"https:\/\/xcteam.ch\/blog\/wp-content\/uploads\/2010\/10\/09102010_IMG_2794.jpg\" alt=\"Wir das noch was mit dem Wind\" width=\"480\" height=\"270\" srcset=\"https:\/\/xcteam.ch\/blog\/wp-content\/uploads\/2010\/10\/09102010_IMG_2794.jpg 480w, https:\/\/xcteam.ch\/blog\/wp-content\/uploads\/2010\/10\/09102010_IMG_2794-300x168.jpg 300w\" sizes=\"(max-width: 480px) 100vw, 480px\" \/><\/a><\/p>\n<p><a href=\"https:\/\/xcteam.ch\/blog\/wp-content\/uploads\/2010\/10\/09102010_IMG_2785.jpg\"><img decoding=\"async\" loading=\"lazy\" class=\"alignleft size-full wp-image-293\" title=\"09102010_IMG_2785\" src=\"https:\/\/xcteam.ch\/blog\/wp-content\/uploads\/2010\/10\/09102010_IMG_2785.jpg\" alt=\"Gute Laune am Startplatz\" width=\"480\" height=\"270\" srcset=\"https:\/\/xcteam.ch\/blog\/wp-content\/uploads\/2010\/10\/09102010_IMG_2785.jpg 480w, https:\/\/xcteam.ch\/blog\/wp-content\/uploads\/2010\/10\/09102010_IMG_2785-300x168.jpg 300w\" sizes=\"(max-width: 480px) 100vw, 480px\" \/><\/a><\/p>\n","protected":false},"excerpt":{"rendered":"<p>09.10.2010 Heute ging es etwas fr\u00fcher los. Aufstehen um 07:00 Uhr (&#8230;was f\u00fcr ein Stress ;-)). &#8211; Und heute war auch fast alles p\u00fcnktlich! Die Busse standen schon vor 09:00 Uhr bereit, nur Petrus fand es noch nicht notwendig, den &hellip; <a href=\"https:\/\/xcteam.ch\/blog\/?p=291\">Continue reading <span class=\"meta-nav\">&rarr;<\/span><\/a><\/p>\n","protected":false},"author":2,"featured_media":0,"comment_status":"open","ping_status":"closed","sticky":false,"template":"","format":"standard","meta":{"footnotes":""},"categories":[8,5,6],"tags":[],"_links":{"self":[{"href":"https:\/\/xcteam.ch\/blog\/index.php?rest_route=\/wp\/v2\/posts\/291"}],"collection":[{"href":"https:\/\/xcteam.ch\/blog\/index.php?rest_route=\/wp\/v2\/posts"}],"about":[{"href":"https:\/\/xcteam.ch\/blog\/index.php?rest_route=\/wp\/v2\/types\/post"}],"author":[{"embeddable":true,"href":"https:\/\/xcteam.ch\/blog\/index.php?rest_route=\/wp\/v2\/users\/2"}],"replies":[{"embeddable":true,"href":"https:\/\/xcteam.ch\/blog\/index.php?rest_route=%2Fwp%2Fv2%2Fcomments&post=291"}],"version-history":[{"count":2,"href":"https:\/\/xcteam.ch\/blog\/index.php?rest_route=\/wp\/v2\/posts\/291\/revisions"}],"predecessor-version":[{"id":295,"href":"https:\/\/xcteam.ch\/blog\/index.php?rest_route=\/wp\/v2\/posts\/291\/revisions\/295"}],"wp:attachment":[{"href":"https:\/\/xcteam.ch\/blog\/index.php?rest_route=%2Fwp%2Fv2%2Fmedia&parent=291"}],"wp:term":[{"taxonomy":"category","embeddable":true,"href":"https:\/\/xcteam.ch\/blog\/index.php?rest_route=%2Fwp%2Fv2%2Fcategories&post=291"},{"taxonomy":"post_tag","embeddable":true,"href":"https:\/\/xcteam.ch\/blog\/index.php?rest_route=%2Fwp%2Fv2%2Ftags&post=291"}],"curies":[{"name":"wp","href":"https:\/\/api.w.org\/{rel}","templated":true}]}}