{"id":208,"date":"2010-09-23T18:13:57","date_gmt":"2010-09-23T16:13:57","guid":{"rendered":"http:\/\/xcteam.ch\/blog\/?p=208"},"modified":"2010-09-23T18:13:57","modified_gmt":"2010-09-23T16:13:57","slug":"aletschgletscher-von-oben","status":"publish","type":"post","link":"https:\/\/xcteam.ch\/blog\/?p=208","title":{"rendered":"Aletschgletscher von oben!!!"},"content":{"rendered":"<p>22.09.2010<\/p>\n<p>Thomas hatte es heute wieder geschafft: Die feine Thermik in der Mittagspause der Helipiloten ausdrehen und den Aletschgletscher von oben filmen!<\/p>\n<p>Fernsicht vom Feinsten! Es ist immer wieder ein \u00fcberw\u00e4ltigendes Gef\u00fchl, diesen wunderbaren Gletscher von oben zu sehen &#8211; man f\u00fchlt sich so klein&#8230;<\/p>\n<p><a href=\"https:\/\/xcteam.ch\/blog\/wp-content\/uploads\/2010\/09\/22092010_Contour.jpg\"><img decoding=\"async\" loading=\"lazy\" class=\"alignleft size-full wp-image-209\" title=\"22092010_Contour\" src=\"https:\/\/xcteam.ch\/blog\/wp-content\/uploads\/2010\/09\/22092010_Contour.jpg\" alt=\"Aletschgletscher\" width=\"480\" height=\"270\" srcset=\"https:\/\/xcteam.ch\/blog\/wp-content\/uploads\/2010\/09\/22092010_Contour.jpg 480w, https:\/\/xcteam.ch\/blog\/wp-content\/uploads\/2010\/09\/22092010_Contour-300x168.jpg 300w\" sizes=\"(max-width: 480px) 100vw, 480px\" \/><\/a><\/p>\n","protected":false},"excerpt":{"rendered":"<p>22.09.2010 Thomas hatte es heute wieder geschafft: Die feine Thermik in der Mittagspause der Helipiloten ausdrehen und den Aletschgletscher von oben filmen! Fernsicht vom Feinsten! Es ist immer wieder ein \u00fcberw\u00e4ltigendes Gef\u00fchl, diesen wunderbaren Gletscher von oben zu sehen &#8211; &hellip; <a href=\"https:\/\/xcteam.ch\/blog\/?p=208\">Continue reading <span class=\"meta-nav\">&rarr;<\/span><\/a><\/p>\n","protected":false},"author":2,"featured_media":0,"comment_status":"open","ping_status":"closed","sticky":false,"template":"","format":"standard","meta":{"footnotes":""},"categories":[5,15,6],"tags":[],"_links":{"self":[{"href":"https:\/\/xcteam.ch\/blog\/index.php?rest_route=\/wp\/v2\/posts\/208"}],"collection":[{"href":"https:\/\/xcteam.ch\/blog\/index.php?rest_route=\/wp\/v2\/posts"}],"about":[{"href":"https:\/\/xcteam.ch\/blog\/index.php?rest_route=\/wp\/v2\/types\/post"}],"author":[{"embeddable":true,"href":"https:\/\/xcteam.ch\/blog\/index.php?rest_route=\/wp\/v2\/users\/2"}],"replies":[{"embeddable":true,"href":"https:\/\/xcteam.ch\/blog\/index.php?rest_route=%2Fwp%2Fv2%2Fcomments&post=208"}],"version-history":[{"count":1,"href":"https:\/\/xcteam.ch\/blog\/index.php?rest_route=\/wp\/v2\/posts\/208\/revisions"}],"predecessor-version":[{"id":210,"href":"https:\/\/xcteam.ch\/blog\/index.php?rest_route=\/wp\/v2\/posts\/208\/revisions\/210"}],"wp:attachment":[{"href":"https:\/\/xcteam.ch\/blog\/index.php?rest_route=%2Fwp%2Fv2%2Fmedia&parent=208"}],"wp:term":[{"taxonomy":"category","embeddable":true,"href":"https:\/\/xcteam.ch\/blog\/index.php?rest_route=%2Fwp%2Fv2%2Fcategories&post=208"},{"taxonomy":"post_tag","embeddable":true,"href":"https:\/\/xcteam.ch\/blog\/index.php?rest_route=%2Fwp%2Fv2%2Ftags&post=208"}],"curies":[{"name":"wp","href":"https:\/\/api.w.org\/{rel}","templated":true}]}}