{"id":1142,"date":"2011-03-12T03:56:39","date_gmt":"2011-03-12T01:56:39","guid":{"rendered":"http:\/\/xcteam.ch\/blog\/?p=1142"},"modified":"2011-03-12T03:56:39","modified_gmt":"2011-03-12T01:56:39","slug":"swiss-roschti-tag","status":"publish","type":"post","link":"https:\/\/xcteam.ch\/blog\/?p=1142","title":{"rendered":"Swiss R\u00f6schti Tag"},"content":{"rendered":"<p>01.03.2011<\/p>\n<p>Zum Abschluss der ersten Halbzeit unserer Reise und zum Start der zweiten Halbzeit ein wenig Heimweh&#8230;? Nein, wir hatten bloss den Start in die zweite Halbzeit unserer World Tour wegen der K\u00e4lte hier mit einer R\u00f6schti begonnen.<\/p>\n<p>Es war zwar heute wieder sch\u00f6nes Wetter mit blauem Himmel, aber viel zu windig zum Fliegen. Ausserdem war es wieder einmal sehr kalt. Zum Herbstanfang in Australien packten wir also das J\u00e4ckli und das Faserpelzli auch tags\u00fcber aus. Zuerst dachten wir, wir k\u00f6nnten noch zum Flugfeld fahren und das Gleitschirm-Schleppen \u00fcben &#8211; aber der Wind war einfach zu stark. Also ein weiterer Tag zum Lesen, spielen und mit anderen Piloten diskutiern.<\/p>\n<p>Bild: Am Abend gab es diese feine Swiss R\u00f6schti, frisch gemacht auf dem Herd unseres &#8220;Tent-Castle&#8221; (= wir nennen unsere Unterkunft gerne unser &#8220;Zeltschloss&#8221;).<\/p>\n<p><a href=\"https:\/\/xcteam.ch\/blog\/wp-content\/uploads\/2011\/03\/01032011_IMG_6943.jpg\"><img decoding=\"async\" loading=\"lazy\" class=\"alignleft size-full wp-image-1143\" title=\"01032011_IMG_6943\" src=\"https:\/\/xcteam.ch\/blog\/wp-content\/uploads\/2011\/03\/01032011_IMG_6943.jpg\" alt=\"Swiss R\u00f6schti in Corryong, Vic.\" width=\"480\" height=\"270\" srcset=\"https:\/\/xcteam.ch\/blog\/wp-content\/uploads\/2011\/03\/01032011_IMG_6943.jpg 480w, https:\/\/xcteam.ch\/blog\/wp-content\/uploads\/2011\/03\/01032011_IMG_6943-300x168.jpg 300w\" sizes=\"(max-width: 480px) 100vw, 480px\" \/><\/a><\/p>\n","protected":false},"excerpt":{"rendered":"<p>01.03.2011 Zum Abschluss der ersten Halbzeit unserer Reise und zum Start der zweiten Halbzeit ein wenig Heimweh&#8230;? Nein, wir hatten bloss den Start in die zweite Halbzeit unserer World Tour wegen der K\u00e4lte hier mit einer R\u00f6schti begonnen. Es war &hellip; <a href=\"https:\/\/xcteam.ch\/blog\/?p=1142\">Continue reading <span class=\"meta-nav\">&rarr;<\/span><\/a><\/p>\n","protected":false},"author":2,"featured_media":0,"comment_status":"open","ping_status":"closed","sticky":false,"template":"","format":"standard","meta":{"footnotes":""},"categories":[10,5,6],"tags":[],"_links":{"self":[{"href":"https:\/\/xcteam.ch\/blog\/index.php?rest_route=\/wp\/v2\/posts\/1142"}],"collection":[{"href":"https:\/\/xcteam.ch\/blog\/index.php?rest_route=\/wp\/v2\/posts"}],"about":[{"href":"https:\/\/xcteam.ch\/blog\/index.php?rest_route=\/wp\/v2\/types\/post"}],"author":[{"embeddable":true,"href":"https:\/\/xcteam.ch\/blog\/index.php?rest_route=\/wp\/v2\/users\/2"}],"replies":[{"embeddable":true,"href":"https:\/\/xcteam.ch\/blog\/index.php?rest_route=%2Fwp%2Fv2%2Fcomments&post=1142"}],"version-history":[{"count":2,"href":"https:\/\/xcteam.ch\/blog\/index.php?rest_route=\/wp\/v2\/posts\/1142\/revisions"}],"predecessor-version":[{"id":1145,"href":"https:\/\/xcteam.ch\/blog\/index.php?rest_route=\/wp\/v2\/posts\/1142\/revisions\/1145"}],"wp:attachment":[{"href":"https:\/\/xcteam.ch\/blog\/index.php?rest_route=%2Fwp%2Fv2%2Fmedia&parent=1142"}],"wp:term":[{"taxonomy":"category","embeddable":true,"href":"https:\/\/xcteam.ch\/blog\/index.php?rest_route=%2Fwp%2Fv2%2Fcategories&post=1142"},{"taxonomy":"post_tag","embeddable":true,"href":"https:\/\/xcteam.ch\/blog\/index.php?rest_route=%2Fwp%2Fv2%2Ftags&post=1142"}],"curies":[{"name":"wp","href":"https:\/\/api.w.org\/{rel}","templated":true}]}}