{"id":1137,"date":"2011-03-12T03:38:53","date_gmt":"2011-03-12T01:38:53","guid":{"rendered":"http:\/\/xcteam.ch\/blog\/?p=1137"},"modified":"2011-03-12T03:40:25","modified_gmt":"2011-03-12T01:40:25","slug":"die-feuchtigkeit-blieb-die-wolken-wuchsen-schnell","status":"publish","type":"post","link":"https:\/\/xcteam.ch\/blog\/?p=1137","title":{"rendered":"Die Feuchtigkeit blieb&#8230; Die Wolken wuchsen schnell"},"content":{"rendered":"<p>28.02.2011<\/p>\n<p>Ein weiterer Flugtag in Corryong. Wie auf meinem Flugfoto zu sehen war es \u00fcberall gr\u00fcn, \u00fcberall sumpfig und alle Wasserl\u00f6cher voll. Die Sonne heizte ein und schwupps, die Wolken machten \u00fcberall Schatten.<\/p>\n<p>Es hatte wenig Thermik, daf\u00fcr konnte ich in der Luft wieder einmal den Fotoapparat hervornehmen. Thomas hatte ebenfalls keinen langen Flug, er schaffte es wenigstens bis nach dem ersten Wendepunkt.<\/p>\n<p>Als \u00dcbung versuchen wir jeweils den Task des Wettbewerbes mitzufliegen. Das ist ganz spannend, aber nicht ganz einfach. Wir m\u00fcssen wegen des kleinen Startplatzes jweils vor allen Comp-Piloten starten &#8211; oder dann nach ihnen. Beides ist nicht einfach: Vorneweg ist die Thermik meistens noch sehr schwach und man muss ca. eine Stunde in der Luft (= in der schwachen Thermik) &#8220;parkieren&#8221;, nachher sind die meisten Piloten schon unterwegs und kaum mehr einzuholen (= die fliegen so schnell, dass wir einfach nicht mithalten k\u00f6nnen).<\/p>\n<p>Bild: Die Sonne heizte auf den Boden, schnell gab es wieder grosse Wolken &#8211; und \u00fcberall Schatten (= Thermikkiller).<\/p>\n<p><a href=\"https:\/\/xcteam.ch\/blog\/wp-content\/uploads\/2011\/03\/28022011_IMG_6926.jpg\"><img decoding=\"async\" loading=\"lazy\" class=\"alignleft size-full wp-image-1138\" title=\"28022011_IMG_6926\" src=\"https:\/\/xcteam.ch\/blog\/wp-content\/uploads\/2011\/03\/28022011_IMG_6926.jpg\" alt=\"wet and cloudy\" width=\"480\" height=\"270\" srcset=\"https:\/\/xcteam.ch\/blog\/wp-content\/uploads\/2011\/03\/28022011_IMG_6926.jpg 480w, https:\/\/xcteam.ch\/blog\/wp-content\/uploads\/2011\/03\/28022011_IMG_6926-300x168.jpg 300w\" sizes=\"(max-width: 480px) 100vw, 480px\" \/><\/a><\/p>\n","protected":false},"excerpt":{"rendered":"<p>28.02.2011 Ein weiterer Flugtag in Corryong. Wie auf meinem Flugfoto zu sehen war es \u00fcberall gr\u00fcn, \u00fcberall sumpfig und alle Wasserl\u00f6cher voll. Die Sonne heizte ein und schwupps, die Wolken machten \u00fcberall Schatten. Es hatte wenig Thermik, daf\u00fcr konnte ich &hellip; <a href=\"https:\/\/xcteam.ch\/blog\/?p=1137\">Continue reading <span class=\"meta-nav\">&rarr;<\/span><\/a><\/p>\n","protected":false},"author":2,"featured_media":0,"comment_status":"open","ping_status":"closed","sticky":false,"template":"","format":"standard","meta":{"footnotes":""},"categories":[10,5,6],"tags":[],"_links":{"self":[{"href":"https:\/\/xcteam.ch\/blog\/index.php?rest_route=\/wp\/v2\/posts\/1137"}],"collection":[{"href":"https:\/\/xcteam.ch\/blog\/index.php?rest_route=\/wp\/v2\/posts"}],"about":[{"href":"https:\/\/xcteam.ch\/blog\/index.php?rest_route=\/wp\/v2\/types\/post"}],"author":[{"embeddable":true,"href":"https:\/\/xcteam.ch\/blog\/index.php?rest_route=\/wp\/v2\/users\/2"}],"replies":[{"embeddable":true,"href":"https:\/\/xcteam.ch\/blog\/index.php?rest_route=%2Fwp%2Fv2%2Fcomments&post=1137"}],"version-history":[{"count":3,"href":"https:\/\/xcteam.ch\/blog\/index.php?rest_route=\/wp\/v2\/posts\/1137\/revisions"}],"predecessor-version":[{"id":1140,"href":"https:\/\/xcteam.ch\/blog\/index.php?rest_route=\/wp\/v2\/posts\/1137\/revisions\/1140"}],"wp:attachment":[{"href":"https:\/\/xcteam.ch\/blog\/index.php?rest_route=%2Fwp%2Fv2%2Fmedia&parent=1137"}],"wp:term":[{"taxonomy":"category","embeddable":true,"href":"https:\/\/xcteam.ch\/blog\/index.php?rest_route=%2Fwp%2Fv2%2Fcategories&post=1137"},{"taxonomy":"post_tag","embeddable":true,"href":"https:\/\/xcteam.ch\/blog\/index.php?rest_route=%2Fwp%2Fv2%2Ftags&post=1137"}],"curies":[{"name":"wp","href":"https:\/\/api.w.org\/{rel}","templated":true}]}}